{"id":5133,"date":"2026-04-23T13:56:49","date_gmt":"2026-04-23T11:56:49","guid":{"rendered":"https:\/\/info.edu.turku.fi\/katedral\/?p=5133"},"modified":"2026-04-23T14:02:51","modified_gmt":"2026-04-23T12:02:51","slug":"historiepromenader-i-maj","status":"publish","type":"post","link":"https:\/\/info.edu.turku.fi\/katedral\/2026\/04\/23\/historiepromenader-i-maj\/","title":{"rendered":"Historiepromenader i maj"},"content":{"rendered":"\n<p>\u00c5bosamfundet ordnar historiska promenader i de kvarter d\u00e4r skolan en g\u00e5ng verkat och ber\u00e4ttar om skollivet under \u00e4ldre tider i \u00c5bo. Mera information och anm\u00e4lningar via l\u00e4nkarna.<\/p>\n\n\n\n<p>12.5:&nbsp;<a href=\"https:\/\/turkuseura.fi\/tapahtumat\/schola-cathedralis-tempil-och-agricola-skolvasendets-aldre-historia-i-abo-och-finland\/\" target=\"_blank\" rel=\"noreferrer noopener\">https:\/\/turkuseura.fi\/tapahtumat\/schola-cathedralis-tempil-och-agricola-skolvasendets-aldre-historia-i-abo-och-finland\/<\/a><br>19.5:&nbsp;<a href=\"https:\/\/turkuseura.fi\/tapahtumat\/schola-cathedralis-tempil-ja-agricola-turun-ja-suomen-koulujarjestelman-varhainen-historia\/\" target=\"_blank\" rel=\"noreferrer noopener\">https:\/\/turkuseura.fi\/tapahtumat\/schola-cathedralis-tempil-ja-agricola-turun-ja-suomen-koulujarjestelman-varhainen-historia\/<\/a> <\/p>\n","protected":false},"excerpt":{"rendered":"<p>\u00c5bosamfundet ordnar historiska promenader i de kvarter d\u00e4r skolan en g\u00e5ng verkat och ber\u00e4ttar om skollivet under \u00e4ldre tider i \u00c5bo. Mera information och anm\u00e4lningar via l\u00e4nkarna. 12.5:&nbsp;https:\/\/turkuseura.fi\/tapahtumat\/schola-cathedralis-tempil-och-agricola-skolvasendets-aldre-historia-i-abo-och-finland\/19.5:&nbsp;https:\/\/turkuseura.fi\/tapahtumat\/schola-cathedralis-tempil-ja-agricola-turun-ja-suomen-koulujarjestelman-varhainen-historia\/<\/p>\n","protected":false},"author":1,"featured_media":5135,"comment_status":"closed","ping_status":"closed","sticky":false,"template":"","format":"standard","meta":{"footnotes":""},"categories":[1],"tags":[],"_links":{"self":[{"href":"https:\/\/info.edu.turku.fi\/katedral\/wp-json\/wp\/v2\/posts\/5133"}],"collection":[{"href":"https:\/\/info.edu.turku.fi\/katedral\/wp-json\/wp\/v2\/posts"}],"about":[{"href":"https:\/\/info.edu.turku.fi\/katedral\/wp-json\/wp\/v2\/types\/post"}],"author":[{"embeddable":true,"href":"https:\/\/info.edu.turku.fi\/katedral\/wp-json\/wp\/v2\/users\/1"}],"replies":[{"embeddable":true,"href":"https:\/\/info.edu.turku.fi\/katedral\/wp-json\/wp\/v2\/comments?post=5133"}],"version-history":[{"count":1,"href":"https:\/\/info.edu.turku.fi\/katedral\/wp-json\/wp\/v2\/posts\/5133\/revisions"}],"predecessor-version":[{"id":5134,"href":"https:\/\/info.edu.turku.fi\/katedral\/wp-json\/wp\/v2\/posts\/5133\/revisions\/5134"}],"wp:featuredmedia":[{"embeddable":true,"href":"https:\/\/info.edu.turku.fi\/katedral\/wp-json\/wp\/v2\/media\/5135"}],"wp:attachment":[{"href":"https:\/\/info.edu.turku.fi\/katedral\/wp-json\/wp\/v2\/media?parent=5133"}],"wp:term":[{"taxonomy":"category","embeddable":true,"href":"https:\/\/info.edu.turku.fi\/katedral\/wp-json\/wp\/v2\/categories?post=5133"},{"taxonomy":"post_tag","embeddable":true,"href":"https:\/\/info.edu.turku.fi\/katedral\/wp-json\/wp\/v2\/tags?post=5133"}],"curies":[{"name":"wp","href":"https:\/\/api.w.org\/{rel}","templated":true}]}}