{"id":4962,"date":"2025-12-15T15:56:38","date_gmt":"2025-12-15T14:56:38","guid":{"rendered":"https:\/\/info.edu.turku.fi\/katedral\/?p=4962"},"modified":"2025-12-15T16:02:38","modified_gmt":"2025-12-15T15:02:38","slug":"ingen-julstamning-utan-katedralskolans-valgorenhetsbasar","status":"publish","type":"post","link":"https:\/\/info.edu.turku.fi\/katedral\/2025\/12\/15\/ingen-julstamning-utan-katedralskolans-valgorenhetsbasar\/","title":{"rendered":"Ingen julst\u00e4mning utan Katedralskolans v\u00e4lg\u00f6renhetsbasar\u00a0"},"content":{"rendered":"\n<p>Text: Wilma Nylund &amp; Emilie Lindgren&nbsp;<br>Foto: Malcom Hammarstr\u00f6m&nbsp;<\/p>\n\n\n\n<p>N\u00e4r klockan sl\u00e5r tio p\u00e5 l\u00f6rdagsmorgonen \u00e4r julst\u00e4mningen redan p\u00e5 topp, och Katedralskolans \u00e5rliga julbasar fylls snabbt av de f\u00f6rsta, f\u00f6rv\u00e4ntansfulla bes\u00f6karna.&nbsp;<\/p>\n\n\n\n<p>Bordsytorna \u00e4r prydda av hembakta l\u00e4ckerheter, varsamt inslagna i gl\u00e4nsande cellofan. Det finns allt fr\u00e5n v\u00e4ldoftande kryddkakor och sk\u00e4rg\u00e5rdslimpor till pepparkakshus, d\u00e4r varje liten utsmyckning bidrar till julk\u00e4nslan.&nbsp;<\/p>\n\n\n\n<figure class=\"wp-block-gallery has-nested-images columns-default is-cropped wp-block-gallery-1 is-layout-flex wp-block-gallery-is-layout-flex\">\n<figure class=\"wp-block-image size-large\"><img decoding=\"async\" loading=\"lazy\" width=\"1024\" height=\"715\" data-id=\"4964\" src=\"https:\/\/info.edu.turku.fi\/katedral\/wp-content\/uploads\/2025\/12\/71-1024x715.jpg\" alt=\"\" class=\"wp-image-4964\" srcset=\"https:\/\/info.edu.turku.fi\/katedral\/wp-content\/uploads\/2025\/12\/71-1024x715.jpg 1024w, https:\/\/info.edu.turku.fi\/katedral\/wp-content\/uploads\/2025\/12\/71-300x210.jpg 300w, https:\/\/info.edu.turku.fi\/katedral\/wp-content\/uploads\/2025\/12\/71-768x536.jpg 768w, https:\/\/info.edu.turku.fi\/katedral\/wp-content\/uploads\/2025\/12\/71-360x251.jpg 360w, https:\/\/info.edu.turku.fi\/katedral\/wp-content\/uploads\/2025\/12\/71.jpg 1200w\" sizes=\"(max-width: 1024px) 100vw, 1024px\" \/><\/figure>\n\n\n\n<figure class=\"wp-block-image size-large\"><img decoding=\"async\" loading=\"lazy\" width=\"598\" height=\"1024\" data-id=\"4963\" src=\"https:\/\/info.edu.turku.fi\/katedral\/wp-content\/uploads\/2025\/12\/77-598x1024.jpg\" alt=\"\" class=\"wp-image-4963\" srcset=\"https:\/\/info.edu.turku.fi\/katedral\/wp-content\/uploads\/2025\/12\/77-598x1024.jpg 598w, https:\/\/info.edu.turku.fi\/katedral\/wp-content\/uploads\/2025\/12\/77-175x300.jpg 175w, https:\/\/info.edu.turku.fi\/katedral\/wp-content\/uploads\/2025\/12\/77-158x270.jpg 158w, https:\/\/info.edu.turku.fi\/katedral\/wp-content\/uploads\/2025\/12\/77.jpg 701w\" sizes=\"(max-width: 598px) 100vw, 598px\" \/><\/figure>\n<\/figure>\n\n\n\n<p>Vi fr\u00e5gar en av f\u00f6rs\u00e4ljarna, Emily Pratt, om hur hon upplevt st\u00e4mningen p\u00e5 basaren.&nbsp;&nbsp;<\/p>\n\n\n\n<p>&#8211; Mysig st\u00e4mning och gl\u00e4djefyllt. Man f\u00e5r julk\u00e4nsla och det \u00e4r fint att f\u00e5 hj\u00e4lpa andra, s\u00e4ger Pratt.&nbsp;<\/p>\n\n\n\n<p>P\u00e5 tredje v\u00e5ningen v\u00e4ntar st\u00e4mningsfulla musikupptr\u00e4danden i festsalen. Salen fylls snabbt av en f\u00f6rv\u00e4ntansfull publik som ivrigt v\u00e4ntar p\u00e5 Katedralskolans luciaf\u00f6lje. Under de gnistrande takkronornas sken t\u00e5gar skolans lucia, Vilma Rusanen, med f\u00f6lje in i salen. D\u00e4refter framf\u00f6r luciaf\u00f6ljet ett urval st\u00e4mningsfulla juls\u00e5nger. Under dagen bjuds det \u00e4ven p\u00e5 bandspel och s\u00e5ng.&nbsp;&nbsp;<\/p>\n\n\n\n<p>Skolans lucia, Rusanen, uttrycker stor gl\u00e4dje \u00f6ver att ha f\u00e5tt genomf\u00f6ra uppdraget.&nbsp;&nbsp;<\/p>\n\n\n\n<p>\u2013 Det var j\u00e4tteroligt att f\u00e5 m\u00f6jligheten att sprida gl\u00e4dje. Jag \u00f6nskar alla en god och fredlig jul, s\u00e4ger hon.&nbsp;<\/p>\n\n\n\n<figure class=\"wp-block-gallery has-nested-images columns-default is-cropped wp-block-gallery-3 is-layout-flex wp-block-gallery-is-layout-flex\">\n<figure class=\"wp-block-image size-large\"><img decoding=\"async\" loading=\"lazy\" width=\"683\" height=\"1024\" data-id=\"4965\" src=\"https:\/\/info.edu.turku.fi\/katedral\/wp-content\/uploads\/2025\/12\/75-683x1024.jpg\" alt=\"\" class=\"wp-image-4965\" srcset=\"https:\/\/info.edu.turku.fi\/katedral\/wp-content\/uploads\/2025\/12\/75-683x1024.jpg 683w, https:\/\/info.edu.turku.fi\/katedral\/wp-content\/uploads\/2025\/12\/75-200x300.jpg 200w, https:\/\/info.edu.turku.fi\/katedral\/wp-content\/uploads\/2025\/12\/75-768x1152.jpg 768w, https:\/\/info.edu.turku.fi\/katedral\/wp-content\/uploads\/2025\/12\/75-180x270.jpg 180w, https:\/\/info.edu.turku.fi\/katedral\/wp-content\/uploads\/2025\/12\/75.jpg 800w\" sizes=\"(max-width: 683px) 100vw, 683px\" \/><\/figure>\n\n\n\n<figure class=\"wp-block-image size-large\"><img decoding=\"async\" loading=\"lazy\" width=\"1024\" height=\"662\" data-id=\"4966\" src=\"https:\/\/info.edu.turku.fi\/katedral\/wp-content\/uploads\/2025\/12\/76-1024x662.jpg\" alt=\"\" class=\"wp-image-4966\" srcset=\"https:\/\/info.edu.turku.fi\/katedral\/wp-content\/uploads\/2025\/12\/76-1024x662.jpg 1024w, https:\/\/info.edu.turku.fi\/katedral\/wp-content\/uploads\/2025\/12\/76-300x194.jpg 300w, https:\/\/info.edu.turku.fi\/katedral\/wp-content\/uploads\/2025\/12\/76-768x497.jpg 768w, https:\/\/info.edu.turku.fi\/katedral\/wp-content\/uploads\/2025\/12\/76-360x233.jpg 360w, https:\/\/info.edu.turku.fi\/katedral\/wp-content\/uploads\/2025\/12\/76.jpg 1200w\" sizes=\"(max-width: 1024px) 100vw, 1024px\" \/><\/figure>\n<\/figure>\n\n\n\n<p>Soraya Kraufvelin, som st\u00e5r f\u00f6r s\u00e5ngen under ett av bandupptr\u00e4dandena, \u00e4r mycket n\u00f6jd med framf\u00f6randet. \u00c4ven om hon medger att &#8221;n\u00e5gra misstag&#8221; sm\u00f6g sig in, p\u00e5minner hon med ett leende om att &#8221;s\u00e5nt h\u00e4nder i livet&#8221;. Hon upplever att publiken var b\u00e5de intresserad och glad \u00f6ver att lyssna p\u00e5 bandet. Hon avslutar med en glad h\u00e4lsning.&nbsp;<\/p>\n\n\n\n<p>&#8211; God jul och hoppas alla f\u00e5r en trevlig juletid tillsammans, s\u00e4ger Kraufvelin.&nbsp;<\/p>\n\n\n\n<p>\u00c5rets julbasar bjuder p\u00e5 en sp\u00e4nnande nyhet, ett \u00e4ventyr riktat till barn. Tomtestigen g\u00e5r ut p\u00e5 att barnen f\u00e5r ett mystiskt brev fr\u00e5n en julskurk. D\u00e4refter ska de hitta de stulna pepparkakorna med hj\u00e4lp av ledtr\u00e5dar.&nbsp;&nbsp;<\/p>\n\n\n\n<p>Tomteguiden Amelie Nyberg \u00e4r entusiastisk \u00f6ver det nya inslaget.&nbsp;&nbsp;<\/p>\n\n\n\n<p>&#8211; Jag hoppas att m\u00e5nga kommer till julbasaren. Tomtestigen \u00e4r n\u00e5got nytt s\u00e5 alla kanske inte vet om den. Men \u00e4ven om bara ett enda barn kommer s\u00e5 \u00e4r det en succ\u00e9! Att f\u00e5 kl\u00e4 sig i tomtedr\u00e4kt skapar en kul, \u00e4ventyrlig och genuin julk\u00e4nsla, s\u00e4ger Nyberg.\u00a0\u00a0<\/p>\n\n\n\n<p>En av h\u00f6jdpunkterna p\u00e5 basaren \u00e4r sj\u00e4lvklart lotteriet, d\u00e4r chanserna till en julig vinst lockar m\u00e5nga. Vid lotteriet intervjuar vi bes\u00f6karna Sara och Lisa som i \u00e5r bes\u00f6ker basaren f\u00f6r f\u00f6rsta g\u00e5ngen. De verkar ha haft enorm tur vid lotteriet, d\u00e5 de vunnit mer \u00e4n de kan r\u00e4kna.&nbsp;&nbsp;<\/p>\n\n\n\n<p>&#8211; Vi har bland annat vunnit kaffe, ljus och svarta m\u00f6ssor, s\u00e4ger Sara och Lisa.\u00a0\u00a0<\/p>\n\n\n\n<figure class=\"wp-block-gallery has-nested-images columns-default is-cropped wp-block-gallery-5 is-layout-flex wp-block-gallery-is-layout-flex\">\n<figure class=\"wp-block-image size-large\"><img decoding=\"async\" loading=\"lazy\" width=\"1024\" height=\"683\" data-id=\"4968\" src=\"https:\/\/info.edu.turku.fi\/katedral\/wp-content\/uploads\/2025\/12\/73-1024x683.jpg\" alt=\"\" class=\"wp-image-4968\" srcset=\"https:\/\/info.edu.turku.fi\/katedral\/wp-content\/uploads\/2025\/12\/73-1024x683.jpg 1024w, https:\/\/info.edu.turku.fi\/katedral\/wp-content\/uploads\/2025\/12\/73-300x200.jpg 300w, https:\/\/info.edu.turku.fi\/katedral\/wp-content\/uploads\/2025\/12\/73-768x512.jpg 768w, https:\/\/info.edu.turku.fi\/katedral\/wp-content\/uploads\/2025\/12\/73-360x240.jpg 360w, https:\/\/info.edu.turku.fi\/katedral\/wp-content\/uploads\/2025\/12\/73.jpg 1200w\" sizes=\"(max-width: 1024px) 100vw, 1024px\" \/><\/figure>\n\n\n\n<figure class=\"wp-block-image size-large\"><img decoding=\"async\" loading=\"lazy\" width=\"668\" height=\"1024\" data-id=\"4967\" src=\"https:\/\/info.edu.turku.fi\/katedral\/wp-content\/uploads\/2025\/12\/74-668x1024.jpg\" alt=\"\" class=\"wp-image-4967\" srcset=\"https:\/\/info.edu.turku.fi\/katedral\/wp-content\/uploads\/2025\/12\/74-668x1024.jpg 668w, https:\/\/info.edu.turku.fi\/katedral\/wp-content\/uploads\/2025\/12\/74-196x300.jpg 196w, https:\/\/info.edu.turku.fi\/katedral\/wp-content\/uploads\/2025\/12\/74-768x1177.jpg 768w, https:\/\/info.edu.turku.fi\/katedral\/wp-content\/uploads\/2025\/12\/74-176x270.jpg 176w, https:\/\/info.edu.turku.fi\/katedral\/wp-content\/uploads\/2025\/12\/74.jpg 783w\" sizes=\"(max-width: 668px) 100vw, 668px\" \/><\/figure>\n<\/figure>\n","protected":false},"excerpt":{"rendered":"<p>Text: Wilma Nylund &amp; Emilie Lindgren&nbsp;Foto: Malcom Hammarstr\u00f6m&nbsp; N\u00e4r klockan sl\u00e5r tio p\u00e5 l\u00f6rdagsmorgonen \u00e4r julst\u00e4mningen redan p\u00e5 topp, och Katedralskolans \u00e5rliga julbasar fylls snabbt av de f\u00f6rsta, f\u00f6rv\u00e4ntansfulla bes\u00f6karna.&nbsp; Bordsytorna \u00e4r prydda av hembakta l\u00e4ckerheter, varsamt inslagna i gl\u00e4nsande <a href=\"https:\/\/info.edu.turku.fi\/katedral\/2025\/12\/15\/ingen-julstamning-utan-katedralskolans-valgorenhetsbasar\/\" class=\"read-more\">L\u00e4s mera &#8230;<\/a><\/p>\n","protected":false},"author":1,"featured_media":4969,"comment_status":"closed","ping_status":"closed","sticky":false,"template":"","format":"standard","meta":{"footnotes":""},"categories":[4],"tags":[],"_links":{"self":[{"href":"https:\/\/info.edu.turku.fi\/katedral\/wp-json\/wp\/v2\/posts\/4962"}],"collection":[{"href":"https:\/\/info.edu.turku.fi\/katedral\/wp-json\/wp\/v2\/posts"}],"about":[{"href":"https:\/\/info.edu.turku.fi\/katedral\/wp-json\/wp\/v2\/types\/post"}],"author":[{"embeddable":true,"href":"https:\/\/info.edu.turku.fi\/katedral\/wp-json\/wp\/v2\/users\/1"}],"replies":[{"embeddable":true,"href":"https:\/\/info.edu.turku.fi\/katedral\/wp-json\/wp\/v2\/comments?post=4962"}],"version-history":[{"count":2,"href":"https:\/\/info.edu.turku.fi\/katedral\/wp-json\/wp\/v2\/posts\/4962\/revisions"}],"predecessor-version":[{"id":4972,"href":"https:\/\/info.edu.turku.fi\/katedral\/wp-json\/wp\/v2\/posts\/4962\/revisions\/4972"}],"wp:featuredmedia":[{"embeddable":true,"href":"https:\/\/info.edu.turku.fi\/katedral\/wp-json\/wp\/v2\/media\/4969"}],"wp:attachment":[{"href":"https:\/\/info.edu.turku.fi\/katedral\/wp-json\/wp\/v2\/media?parent=4962"}],"wp:term":[{"taxonomy":"category","embeddable":true,"href":"https:\/\/info.edu.turku.fi\/katedral\/wp-json\/wp\/v2\/categories?post=4962"},{"taxonomy":"post_tag","embeddable":true,"href":"https:\/\/info.edu.turku.fi\/katedral\/wp-json\/wp\/v2\/tags?post=4962"}],"curies":[{"name":"wp","href":"https:\/\/api.w.org\/{rel}","templated":true}]}}