{"id":4950,"date":"2025-12-10T09:23:40","date_gmt":"2025-12-10T08:23:40","guid":{"rendered":"https:\/\/info.edu.turku.fi\/katedral\/?p=4950"},"modified":"2025-12-11T09:36:56","modified_gmt":"2025-12-11T08:36:56","slug":"sjalvstandighetsfest-och-studentdimission-13","status":"publish","type":"post","link":"https:\/\/info.edu.turku.fi\/katedral\/2025\/12\/10\/sjalvstandighetsfest-och-studentdimission-13\/","title":{"rendered":"\u00a0Sj\u00e4lvst\u00e4ndighetsfest och studentdimission"},"content":{"rendered":"\n<p>Den 5.12.2025 firade vi sj\u00e4lvst\u00e4ndighetsfest och studentdimission. Festen inleddes med rektorns v\u00e4lkomstord, f\u00f6ljt av fina musikupptr\u00e4danden av v\u00e5ra studerande Esra Lillhannus, Stella Balthasar och Ari Krogell.<\/p>\n\n\n\n<p>\u00c5rets festtalare var Cecilia Hindersson vars tal gav oss en inblick i bland annat ov\u00e4ntade v\u00e4gval i livet.&nbsp;<\/p>\n\n\n\n<p>Frihetens budkavle \u00f6verr\u00e4cktes av abiturienten Alexandra Niemi till andra\u00e5rsstuderande Jaakko Vuorio. Efter att vi tillsammans sjungit V\u00e5rt land fortsatte programmet med \u00e5rets h\u00f6gtidliga studentdimission.<\/p>\n\n\n\n<p>I \u00e5r dimitterades \u00e5tta studenter \u2013 varmt grattis till er alla, Valter Enberg, Lilian Finch, Felix Forsman, Esra Lillhannus, Oliver Malkam\u00e4ki, Saga Rinne, Ahti Salomaa och en som vill f\u00f6rbli anonym. Lycka till med era fortsatta studier!&nbsp;<\/p>\n\n\n\n<figure class=\"wp-block-gallery has-nested-images columns-default is-cropped wp-block-gallery-1 is-layout-flex wp-block-gallery-is-layout-flex\">\n<figure class=\"wp-block-image size-large\"><img decoding=\"async\" loading=\"lazy\" width=\"1024\" height=\"699\" data-id=\"4954\" src=\"https:\/\/info.edu.turku.fi\/katedral\/wp-content\/uploads\/2025\/12\/57-1024x699.jpg\" alt=\"\" class=\"wp-image-4954\" srcset=\"https:\/\/info.edu.turku.fi\/katedral\/wp-content\/uploads\/2025\/12\/57-1024x699.jpg 1024w, https:\/\/info.edu.turku.fi\/katedral\/wp-content\/uploads\/2025\/12\/57-300x205.jpg 300w, https:\/\/info.edu.turku.fi\/katedral\/wp-content\/uploads\/2025\/12\/57-768x524.jpg 768w, https:\/\/info.edu.turku.fi\/katedral\/wp-content\/uploads\/2025\/12\/57-360x246.jpg 360w, https:\/\/info.edu.turku.fi\/katedral\/wp-content\/uploads\/2025\/12\/57.jpg 1200w\" sizes=\"(max-width: 1024px) 100vw, 1024px\" \/><\/figure>\n\n\n\n<figure class=\"wp-block-image size-large\"><img decoding=\"async\" loading=\"lazy\" width=\"1024\" height=\"683\" data-id=\"4953\" src=\"https:\/\/info.edu.turku.fi\/katedral\/wp-content\/uploads\/2025\/12\/56-1024x683.jpg\" alt=\"\" class=\"wp-image-4953\" srcset=\"https:\/\/info.edu.turku.fi\/katedral\/wp-content\/uploads\/2025\/12\/56-1024x683.jpg 1024w, https:\/\/info.edu.turku.fi\/katedral\/wp-content\/uploads\/2025\/12\/56-300x200.jpg 300w, https:\/\/info.edu.turku.fi\/katedral\/wp-content\/uploads\/2025\/12\/56-768x512.jpg 768w, https:\/\/info.edu.turku.fi\/katedral\/wp-content\/uploads\/2025\/12\/56-360x240.jpg 360w, https:\/\/info.edu.turku.fi\/katedral\/wp-content\/uploads\/2025\/12\/56.jpg 1200w\" sizes=\"(max-width: 1024px) 100vw, 1024px\" \/><\/figure>\n<\/figure>\n\n\n\n<figure class=\"wp-block-gallery has-nested-images columns-default is-cropped wp-block-gallery-3 is-layout-flex wp-block-gallery-is-layout-flex\">\n<figure class=\"wp-block-image size-large\"><img decoding=\"async\" loading=\"lazy\" width=\"1024\" height=\"698\" data-id=\"4955\" src=\"https:\/\/info.edu.turku.fi\/katedral\/wp-content\/uploads\/2025\/12\/55-1-1024x698.jpg\" alt=\"\" class=\"wp-image-4955\" srcset=\"https:\/\/info.edu.turku.fi\/katedral\/wp-content\/uploads\/2025\/12\/55-1-1024x698.jpg 1024w, https:\/\/info.edu.turku.fi\/katedral\/wp-content\/uploads\/2025\/12\/55-1-300x205.jpg 300w, https:\/\/info.edu.turku.fi\/katedral\/wp-content\/uploads\/2025\/12\/55-1-768x524.jpg 768w, https:\/\/info.edu.turku.fi\/katedral\/wp-content\/uploads\/2025\/12\/55-1-360x245.jpg 360w, https:\/\/info.edu.turku.fi\/katedral\/wp-content\/uploads\/2025\/12\/55-1.jpg 1200w\" sizes=\"(max-width: 1024px) 100vw, 1024px\" \/><\/figure>\n\n\n\n<figure class=\"wp-block-image size-large\"><img decoding=\"async\" loading=\"lazy\" width=\"1024\" height=\"575\" data-id=\"4956\" src=\"https:\/\/info.edu.turku.fi\/katedral\/wp-content\/uploads\/2025\/12\/62-1024x575.jpg\" alt=\"\" class=\"wp-image-4956\" srcset=\"https:\/\/info.edu.turku.fi\/katedral\/wp-content\/uploads\/2025\/12\/62-1024x575.jpg 1024w, https:\/\/info.edu.turku.fi\/katedral\/wp-content\/uploads\/2025\/12\/62-300x169.jpg 300w, https:\/\/info.edu.turku.fi\/katedral\/wp-content\/uploads\/2025\/12\/62-768x431.jpg 768w, https:\/\/info.edu.turku.fi\/katedral\/wp-content\/uploads\/2025\/12\/62-360x202.jpg 360w, https:\/\/info.edu.turku.fi\/katedral\/wp-content\/uploads\/2025\/12\/62.jpg 1200w\" sizes=\"(max-width: 1024px) 100vw, 1024px\" \/><\/figure>\n<\/figure>\n","protected":false},"excerpt":{"rendered":"<p>Den 5.12.2025 firade vi sj\u00e4lvst\u00e4ndighetsfest och studentdimission. Festen inleddes med rektorns v\u00e4lkomstord, f\u00f6ljt av fina musikupptr\u00e4danden av v\u00e5ra studerande Esra Lillhannus, Stella Balthasar och Ari Krogell. \u00c5rets festtalare var Cecilia Hindersson vars tal gav oss en inblick i bland annat <a href=\"https:\/\/info.edu.turku.fi\/katedral\/2025\/12\/10\/sjalvstandighetsfest-och-studentdimission-13\/\" class=\"read-more\">L\u00e4s mera &#8230;<\/a><\/p>\n","protected":false},"author":1,"featured_media":4958,"comment_status":"closed","ping_status":"closed","sticky":false,"template":"","format":"standard","meta":{"footnotes":""},"categories":[4],"tags":[],"_links":{"self":[{"href":"https:\/\/info.edu.turku.fi\/katedral\/wp-json\/wp\/v2\/posts\/4950"}],"collection":[{"href":"https:\/\/info.edu.turku.fi\/katedral\/wp-json\/wp\/v2\/posts"}],"about":[{"href":"https:\/\/info.edu.turku.fi\/katedral\/wp-json\/wp\/v2\/types\/post"}],"author":[{"embeddable":true,"href":"https:\/\/info.edu.turku.fi\/katedral\/wp-json\/wp\/v2\/users\/1"}],"replies":[{"embeddable":true,"href":"https:\/\/info.edu.turku.fi\/katedral\/wp-json\/wp\/v2\/comments?post=4950"}],"version-history":[{"count":1,"href":"https:\/\/info.edu.turku.fi\/katedral\/wp-json\/wp\/v2\/posts\/4950\/revisions"}],"predecessor-version":[{"id":4957,"href":"https:\/\/info.edu.turku.fi\/katedral\/wp-json\/wp\/v2\/posts\/4950\/revisions\/4957"}],"wp:featuredmedia":[{"embeddable":true,"href":"https:\/\/info.edu.turku.fi\/katedral\/wp-json\/wp\/v2\/media\/4958"}],"wp:attachment":[{"href":"https:\/\/info.edu.turku.fi\/katedral\/wp-json\/wp\/v2\/media?parent=4950"}],"wp:term":[{"taxonomy":"category","embeddable":true,"href":"https:\/\/info.edu.turku.fi\/katedral\/wp-json\/wp\/v2\/categories?post=4950"},{"taxonomy":"post_tag","embeddable":true,"href":"https:\/\/info.edu.turku.fi\/katedral\/wp-json\/wp\/v2\/tags?post=4950"}],"curies":[{"name":"wp","href":"https:\/\/api.w.org\/{rel}","templated":true}]}}