{"id":4265,"date":"2024-02-27T14:46:45","date_gmt":"2024-02-27T13:46:45","guid":{"rendered":"https:\/\/info.edu.turku.fi\/katedral\/?p=4265"},"modified":"2024-02-27T14:53:49","modified_gmt":"2024-02-27T13:53:49","slug":"de-gamlas-dans-2","status":"publish","type":"post","link":"https:\/\/info.edu.turku.fi\/katedral\/2024\/02\/27\/de-gamlas-dans-2\/","title":{"rendered":"De gamlas dans"},"content":{"rendered":"\n<p>Den 16.2 dansade Katedralskolans tv\u00e5or de gamlas dans i Samppalinna bollhall. Vi fick se m\u00e4ngder av vackra kl\u00e4nningar och stiliga frackar i de traditionella salongsdanserna som gruppen upptr\u00e4dde med. Som grande finale hade tv\u00e5orna \u00f6vat in en egen dans som avslutade dansuppvisningen och uppbjudningsvalsen tog \u00f6ver. Helheten var en fantastiskt fin upplevelse och gymnastikl\u00e4rarna \u00e4r v\u00e4rda en eloge f\u00f6r att ha \u00f6vat in danserna med den stora gruppen.<\/p>\n\n\n\n<figure class=\"wp-block-gallery has-nested-images columns-default is-cropped wp-block-gallery-1 is-layout-flex wp-block-gallery-is-layout-flex\">\n<figure class=\"wp-block-image size-large\"><img decoding=\"async\" loading=\"lazy\" width=\"1024\" height=\"711\" data-id=\"4270\" src=\"https:\/\/info.edu.turku.fi\/katedral\/wp-content\/uploads\/2024\/02\/DSC_4479-1024x711.jpg\" alt=\"\" class=\"wp-image-4270\" srcset=\"https:\/\/info.edu.turku.fi\/katedral\/wp-content\/uploads\/2024\/02\/DSC_4479-1024x711.jpg 1024w, https:\/\/info.edu.turku.fi\/katedral\/wp-content\/uploads\/2024\/02\/DSC_4479-300x208.jpg 300w, https:\/\/info.edu.turku.fi\/katedral\/wp-content\/uploads\/2024\/02\/DSC_4479-768x533.jpg 768w, https:\/\/info.edu.turku.fi\/katedral\/wp-content\/uploads\/2024\/02\/DSC_4479-360x250.jpg 360w, https:\/\/info.edu.turku.fi\/katedral\/wp-content\/uploads\/2024\/02\/DSC_4479.jpg 1400w\" sizes=\"(max-width: 1024px) 100vw, 1024px\" \/><\/figure>\n\n\n\n<figure class=\"wp-block-image size-large\"><img decoding=\"async\" loading=\"lazy\" width=\"645\" height=\"1000\" data-id=\"4269\" src=\"https:\/\/info.edu.turku.fi\/katedral\/wp-content\/uploads\/2024\/02\/DSC_4484.jpg\" alt=\"\" class=\"wp-image-4269\" srcset=\"https:\/\/info.edu.turku.fi\/katedral\/wp-content\/uploads\/2024\/02\/DSC_4484.jpg 645w, https:\/\/info.edu.turku.fi\/katedral\/wp-content\/uploads\/2024\/02\/DSC_4484-194x300.jpg 194w, https:\/\/info.edu.turku.fi\/katedral\/wp-content\/uploads\/2024\/02\/DSC_4484-174x270.jpg 174w\" sizes=\"(max-width: 645px) 100vw, 645px\" \/><\/figure>\n<\/figure>\n\n\n\n<figure class=\"wp-block-gallery has-nested-images columns-default is-cropped wp-block-gallery-3 is-layout-flex wp-block-gallery-is-layout-flex\">\n<figure class=\"wp-block-image size-large\"><img decoding=\"async\" loading=\"lazy\" width=\"1024\" height=\"693\" data-id=\"4275\" src=\"https:\/\/info.edu.turku.fi\/katedral\/wp-content\/uploads\/2024\/02\/DSC_4490_2-1024x693.jpg\" alt=\"\" class=\"wp-image-4275\" srcset=\"https:\/\/info.edu.turku.fi\/katedral\/wp-content\/uploads\/2024\/02\/DSC_4490_2-1024x693.jpg 1024w, https:\/\/info.edu.turku.fi\/katedral\/wp-content\/uploads\/2024\/02\/DSC_4490_2-300x203.jpg 300w, https:\/\/info.edu.turku.fi\/katedral\/wp-content\/uploads\/2024\/02\/DSC_4490_2-768x519.jpg 768w, https:\/\/info.edu.turku.fi\/katedral\/wp-content\/uploads\/2024\/02\/DSC_4490_2-360x243.jpg 360w, https:\/\/info.edu.turku.fi\/katedral\/wp-content\/uploads\/2024\/02\/DSC_4490_2.jpg 1378w\" sizes=\"(max-width: 1024px) 100vw, 1024px\" \/><\/figure>\n\n\n\n<figure class=\"wp-block-image size-large\"><img decoding=\"async\" loading=\"lazy\" width=\"1024\" height=\"731\" data-id=\"4276\" src=\"https:\/\/info.edu.turku.fi\/katedral\/wp-content\/uploads\/2024\/02\/DSC_4497_1-1024x731.jpg\" alt=\"\" class=\"wp-image-4276\" srcset=\"https:\/\/info.edu.turku.fi\/katedral\/wp-content\/uploads\/2024\/02\/DSC_4497_1-1024x731.jpg 1024w, https:\/\/info.edu.turku.fi\/katedral\/wp-content\/uploads\/2024\/02\/DSC_4497_1-300x214.jpg 300w, https:\/\/info.edu.turku.fi\/katedral\/wp-content\/uploads\/2024\/02\/DSC_4497_1-768x548.jpg 768w, https:\/\/info.edu.turku.fi\/katedral\/wp-content\/uploads\/2024\/02\/DSC_4497_1-360x257.jpg 360w, https:\/\/info.edu.turku.fi\/katedral\/wp-content\/uploads\/2024\/02\/DSC_4497_1.jpg 1400w\" sizes=\"(max-width: 1024px) 100vw, 1024px\" \/><\/figure>\n<\/figure>\n\n\n\n<figure class=\"wp-block-image size-large\"><img decoding=\"async\" loading=\"lazy\" width=\"1024\" height=\"695\" src=\"https:\/\/info.edu.turku.fi\/katedral\/wp-content\/uploads\/2024\/02\/DSC_4504-1-1024x695.jpg\" alt=\"\" class=\"wp-image-4278\" srcset=\"https:\/\/info.edu.turku.fi\/katedral\/wp-content\/uploads\/2024\/02\/DSC_4504-1-1024x695.jpg 1024w, https:\/\/info.edu.turku.fi\/katedral\/wp-content\/uploads\/2024\/02\/DSC_4504-1-300x204.jpg 300w, https:\/\/info.edu.turku.fi\/katedral\/wp-content\/uploads\/2024\/02\/DSC_4504-1-768x521.jpg 768w, https:\/\/info.edu.turku.fi\/katedral\/wp-content\/uploads\/2024\/02\/DSC_4504-1-360x244.jpg 360w, https:\/\/info.edu.turku.fi\/katedral\/wp-content\/uploads\/2024\/02\/DSC_4504-1.jpg 1400w\" sizes=\"(max-width: 1024px) 100vw, 1024px\" \/><\/figure>\n","protected":false},"excerpt":{"rendered":"<p>Den 16.2 dansade Katedralskolans tv\u00e5or de gamlas dans i Samppalinna bollhall. Vi fick se m\u00e4ngder av vackra kl\u00e4nningar och stiliga frackar i de traditionella salongsdanserna som gruppen upptr\u00e4dde med. Som grande finale hade tv\u00e5orna \u00f6vat in en egen dans som <a href=\"https:\/\/info.edu.turku.fi\/katedral\/2024\/02\/27\/de-gamlas-dans-2\/\" class=\"read-more\">L\u00e4s mera &#8230;<\/a><\/p>\n","protected":false},"author":1,"featured_media":4266,"comment_status":"closed","ping_status":"closed","sticky":false,"template":"","format":"standard","meta":{"footnotes":""},"categories":[4],"tags":[],"_links":{"self":[{"href":"https:\/\/info.edu.turku.fi\/katedral\/wp-json\/wp\/v2\/posts\/4265"}],"collection":[{"href":"https:\/\/info.edu.turku.fi\/katedral\/wp-json\/wp\/v2\/posts"}],"about":[{"href":"https:\/\/info.edu.turku.fi\/katedral\/wp-json\/wp\/v2\/types\/post"}],"author":[{"embeddable":true,"href":"https:\/\/info.edu.turku.fi\/katedral\/wp-json\/wp\/v2\/users\/1"}],"replies":[{"embeddable":true,"href":"https:\/\/info.edu.turku.fi\/katedral\/wp-json\/wp\/v2\/comments?post=4265"}],"version-history":[{"count":3,"href":"https:\/\/info.edu.turku.fi\/katedral\/wp-json\/wp\/v2\/posts\/4265\/revisions"}],"predecessor-version":[{"id":4279,"href":"https:\/\/info.edu.turku.fi\/katedral\/wp-json\/wp\/v2\/posts\/4265\/revisions\/4279"}],"wp:featuredmedia":[{"embeddable":true,"href":"https:\/\/info.edu.turku.fi\/katedral\/wp-json\/wp\/v2\/media\/4266"}],"wp:attachment":[{"href":"https:\/\/info.edu.turku.fi\/katedral\/wp-json\/wp\/v2\/media?parent=4265"}],"wp:term":[{"taxonomy":"category","embeddable":true,"href":"https:\/\/info.edu.turku.fi\/katedral\/wp-json\/wp\/v2\/categories?post=4265"},{"taxonomy":"post_tag","embeddable":true,"href":"https:\/\/info.edu.turku.fi\/katedral\/wp-json\/wp\/v2\/tags?post=4265"}],"curies":[{"name":"wp","href":"https:\/\/api.w.org\/{rel}","templated":true}]}}